{"id":875,"date":"2022-12-02T11:33:25","date_gmt":"2022-12-02T10:33:25","guid":{"rendered":"http:\/\/massageserenite.fr\/?p=875"},"modified":"2025-08-03T09:01:11","modified_gmt":"2025-08-03T07:01:11","slug":"kobido-pour-janvier-2023","status":"publish","type":"post","link":"https:\/\/massageserenite.fr\/index.php\/2022\/12\/02\/kobido-pour-janvier-2023\/","title":{"rendered":"Kobido pour janvier 2023"},"content":{"rendered":"\n<p>Bonjour \u00e0 toutes et \u00e0 tous, <\/p>\n\n\n\n<p>Je suis de retour de Ch\u00e2teau-Gontier avec la premi\u00e8re \u00e9tape de la certification Kobido valid\u00e9e.<\/p>\n\n\n\n<p>Nous \u00e9tions un groupe de 8 praticiens et futurs praticiens ou personne ayant dans le cadre de son travail, envie de proposer le Kobido. <\/p>\n\n\n\n<p>Ce massage du visage se fait en trois parties : <\/p>\n\n\n\n<p>1) man\u0153uvres qui viennent drainer et lifter les diff\u00e9rentes parties du visage, et insistent sur les rides.<\/p>\n\n\n\n<p>2) points d&rsquo;acupressions li\u00e9s aux diff\u00e9rents organes vitaux.<\/p>\n\n\n\n<p>3) avec les outils : ridoki, rouleau de jade et Gua Sha + massage du cr\u00e2ne<\/p>\n\n\n\n<p>Je m&rsquo;exerce d\u00e9sormais sur quelques mod\u00e8les avant de vous proposer ce magnifique massage pour f\u00eater la quatri\u00e8me ann\u00e9e de <a href=\"https:\/\/www.facebook.com\/MassageSereniteVineuil?__cft__[0]=AZWQ5ZQAYf1lAFir6PA94dT7lXn1cOPeF2dvH2L8K3OrFG0kb9RJ8BoVz9a3jNayauNO16WJHtOlT6GO-2br9ttVFhdALEK0yfweVJo4NAAk9_Ft7Jsc24ABydIpdNikCSxThkrQ1HB5kWp8maPg7X7S4bej74IEtlAjpZQTFGCgnw6ahteDHO1MDI_zy4dhe6A&amp;__tn__=-]K-R\">Massage-S\u00e9r\u00e9nit\u00e9<\/a> d\u00e9but janvier. J&rsquo;ai besoin \u00e9galement de m&rsquo;\u00e9quiper. <\/p>\n\n\n\n<p>Je vous souhaite une belle journ\u00e9e. <img loading=\"lazy\" decoding=\"async\" height=\"16\" width=\"16\" alt=\"\u26e9\ufe0f\" src=\"https:\/\/static.xx.fbcdn.net\/images\/emoji.php\/v9\/te1\/1\/16\/26e9.png\"><img loading=\"lazy\" decoding=\"async\" height=\"16\" width=\"16\" alt=\"\ud83d\udc58\" src=\"https:\/\/static.xx.fbcdn.net\/images\/emoji.php\/v9\/t6f\/1\/16\/1f458.png\"><img loading=\"lazy\" decoding=\"async\" height=\"16\" width=\"16\" alt=\"\ud83c\udf8f\" src=\"https:\/\/static.xx.fbcdn.net\/images\/emoji.php\/v9\/t39\/1\/16\/1f38f.png\"><\/p>\n\n\n\n<p>Nad\u00e8ge M. Praticienne Masseuse Bien-\u00eatre.<\/p>\n\n\n\n<p>Massage-S\u00e9r\u00e9nit\u00e9<\/p>\n\n\n","protected":false},"excerpt":{"rendered":"<p>Bonjour \u00e0 toutes et \u00e0 tous, Je suis de retour de Ch\u00e2teau-Gontier avec la premi\u00e8re \u00e9tape de la certification Kobido valid\u00e9e. Nous \u00e9tions un groupe de 8 praticiens et futurs praticiens ou personne ayant dans le cadre de son travail, envie de proposer le Kobido. Ce massage du visage se fait en trois parties : [&hellip;]<\/p>\n","protected":false},"author":1,"featured_media":0,"comment_status":"closed","ping_status":"open","sticky":false,"template":"","format":"standard","meta":{"saved_in_kubio":false,"footnotes":""},"categories":[1],"tags":[],"class_list":["post-875","post","type-post","status-publish","format-standard","hentry","category-massage"],"_links":{"self":[{"href":"https:\/\/massageserenite.fr\/index.php\/wp-json\/wp\/v2\/posts\/875","targetHints":{"allow":["GET"]}}],"collection":[{"href":"https:\/\/massageserenite.fr\/index.php\/wp-json\/wp\/v2\/posts"}],"about":[{"href":"https:\/\/massageserenite.fr\/index.php\/wp-json\/wp\/v2\/types\/post"}],"author":[{"embeddable":true,"href":"https:\/\/massageserenite.fr\/index.php\/wp-json\/wp\/v2\/users\/1"}],"replies":[{"embeddable":true,"href":"https:\/\/massageserenite.fr\/index.php\/wp-json\/wp\/v2\/comments?post=875"}],"version-history":[{"count":4,"href":"https:\/\/massageserenite.fr\/index.php\/wp-json\/wp\/v2\/posts\/875\/revisions"}],"predecessor-version":[{"id":884,"href":"https:\/\/massageserenite.fr\/index.php\/wp-json\/wp\/v2\/posts\/875\/revisions\/884"}],"wp:attachment":[{"href":"https:\/\/massageserenite.fr\/index.php\/wp-json\/wp\/v2\/media?parent=875"}],"wp:term":[{"taxonomy":"category","embeddable":true,"href":"https:\/\/massageserenite.fr\/index.php\/wp-json\/wp\/v2\/categories?post=875"},{"taxonomy":"post_tag","embeddable":true,"href":"https:\/\/massageserenite.fr\/index.php\/wp-json\/wp\/v2\/tags?post=875"}],"curies":[{"name":"wp","href":"https:\/\/api.w.org\/{rel}","templated":true}]}}